{"id":125,"date":"2010-04-26T12:47:00","date_gmt":"2010-04-26T12:47:00","guid":{"rendered":"http:\/\/www.verobreger.com\/wordpress\/?p=125"},"modified":"2017-05-13T22:44:32","modified_gmt":"2017-05-13T20:44:32","slug":"20100426lire-a-limoges-2010","status":"publish","type":"post","link":"https:\/\/www.verobreger.com\/wordpress\/2010\/04\/26\/20100426lire-a-limoges-2010\/","title":{"rendered":"Lire \u00e0 Limoges, 2010"},"content":{"rendered":"<p class=\"MsoNormal\" style=\"MARGIN: 0cm 0cm 0; TEXT-ALIGN: justify\"><a href=\"https:\/\/i0.wp.com\/www.verobreger.com\/dotclear\/public\/Dedicaces\/Lire_A_Limoges_Entree_Libre.jpg\" rel=\"lightbox\"><img data-recalc-dims=\"1\" loading=\"lazy\" decoding=\"async\" class=\"glossy\" title=\"Lire_A_Limoges_Entree_Libre.jpg, avr. 2010\" style=\"FLOAT: left; MARGIN: 0 1em 1em 0\" height=\"240\" alt=\"\" src=\"https:\/\/i0.wp.com\/www.verobreger.com\/dotclear\/public\/Dedicaces\/.Lire_A_Limoges_Entree_Libre_s.jpg?resize=180%2C240\" width=\"180\" \/><\/a>Je dois avouer que cette premi\u00e8re participation \u00e0 <em>Lire \u00e0 Limoges<\/em> avait pour moi une symbolique tr\u00e8s particuli\u00e8re. Je suis n\u00e9e \u00e0 Limoges, j\u2019y ai grandi et ce que je suis devenue depuis vient forc\u00e9ment un peu de cette ville\u2026 <\/p>\n<p class=\"MsoNormal\" style=\"MARGIN: 0cm 0cm 0; TEXT-ALIGN: justify\"><?xml:namespace prefix =\" \"\"o\" \/><o:p>&nbsp;<\/o:p><\/p>\n<p class=\"MsoNormal\" style=\"MARGIN: 0cm 0cm 0; TEXT-ALIGN: justify\">Les deux jours pass\u00e9s sous le chapiteau, install\u00e9 face \u00e0 la gare, sur le Champ de Juillet, en compagnie des <a href=\"http:\/\/www.lesardentsediteurs.com\/\" hreflang=\"fr\">Ardents \u00c9diteurs<\/a>, de mes coll\u00e8gues auteurs et de VOUS, se sont av\u00e9r\u00e9s \u00e0 la hauteur de mes esp\u00e9rances.<a href=\"https:\/\/i0.wp.com\/www.verobreger.com\/dotclear\/public\/Dedicaces\/Limoges_Gare.jpg\" rel=\"lightbox\"><img data-recalc-dims=\"1\" loading=\"lazy\" decoding=\"async\" class=\"glossy\" title=\"Limoges_Gare.jpg, avr. 2010\" style=\"FLOAT: right; MARGIN: 0 0 1em 1em\" height=\"240\" alt=\"\" src=\"https:\/\/i0.wp.com\/www.verobreger.com\/dotclear\/public\/Dedicaces\/.Limoges_Gare_s.jpg?resize=180%2C240\" width=\"180\" \/><\/a><\/p>\n<p class=\"MsoNormal\" style=\"MARGIN: 0cm 0cm 0; TEXT-ALIGN: justify\"><o:p>&nbsp;<\/o:p><\/p>\n<p class=\"MsoNormal\" style=\"MARGIN: 0cm 0cm 0; TEXT-ALIGN: justify\">Merci \u00e0 toutes celles et ceux qui sont venus me voir pour discuter de <a href=\"http:\/\/www.verobreger.com\/dotclear\/index.php?post\/2009\/10\/01\/La-nuit-des-orpailleurs\" hreflang=\"fr\">La nuit des Orpailleurs<\/a>, avant de l\u2019avoir lu ou apr\u00e8s l\u2019avoir lu\u2026 nos \u00e9changes resteront de tr\u00e8s beaux souvenirs. <\/p>\n<p class=\"MsoNormal\" style=\"MARGIN: 0cm 0cm 0; TEXT-ALIGN: justify\"><o:p>&nbsp;<\/o:p><\/p>\n<p class=\"MsoNormal\" style=\"MARGIN: 0cm 0cm 0; TEXT-ALIGN: justify\">Ce genre de manifestation de taille \u00ab&nbsp;humaine&nbsp;\u00bb permet \u00e0 tout le monde de faire de belles rencontres&nbsp;; ainsi, j\u2019ai eu l\u2019occasion de passer un quart d\u2019heure formidable en compagnie de <a href=\"http:\/\/www.maudtabachnik.com\/\" hreflang=\"fr\">Maud Tabachnik<\/a>, immense auteure de \u00ab&nbsp;romans&nbsp;\u00e0 suspense&nbsp;\u00bb, dont je suis fan. <a href=\"https:\/\/i0.wp.com\/www.verobreger.com\/dotclear\/public\/Dedicaces\/Echange.jpg\" rel=\"lightbox\"><img data-recalc-dims=\"1\" loading=\"lazy\" decoding=\"async\" class=\"glossy\" title=\"Echange.jpg, avr. 2010\" style=\"FLOAT: left; MARGIN: 0 1em 1em 0\" height=\"180\" alt=\"\" src=\"https:\/\/i0.wp.com\/www.verobreger.com\/dotclear\/public\/Dedicaces\/.Echange_s.jpg?resize=240%2C180\" width=\"240\" \/><\/a>La dame me bluffait d\u00e9j\u00e0 par son style, eh bien je peux dire qu\u2019apr\u00e8s trente bouquins en vingt ans et des milliers d\u2019exemplaires diss\u00e9min\u00e9s un peu partout, elle est aussi \u00ab&nbsp;bluffante&nbsp;\u00bb de sympathie et de simplicit\u00e9. <\/p>\n<p class=\"MsoNormal\" style=\"MARGIN: 0cm 0cm 0; TEXT-ALIGN: justify\">Voil\u00e0 les genres de face-\u00e0-face que j\u2019adore, ceux qui participent \u00e0 la magie de ce que l\u2019on appelle parfois de fa\u00e7on p\u00e9jorative, \u00ab&nbsp;les petits salons&nbsp;\u00bb. <a href=\"https:\/\/i0.wp.com\/www.verobreger.com\/dotclear\/public\/Dedicaces\/On_en_parle.jpg\" rel=\"lightbox\"><img data-recalc-dims=\"1\" loading=\"lazy\" decoding=\"async\" class=\"glossy\" title=\"On_en_parle.jpg, avr. 2010\" style=\"FLOAT: right; MARGIN: 0 0 1em 1em\" height=\"180\" alt=\"\" src=\"https:\/\/i0.wp.com\/www.verobreger.com\/dotclear\/public\/Dedicaces\/.On_en_parle_s.jpg?resize=240%2C180\" width=\"240\" \/><\/a><\/p>\n<p class=\"MsoNormal\" style=\"MARGIN: 0cm 0cm 0; TEXT-ALIGN: justify\"><o:p>&nbsp;<\/o:p><\/p>\n<p class=\"MsoNormal\" style=\"MARGIN: 0cm 0cm 0; TEXT-ALIGN: justify\">En un mot comme en cent, je suis (presque) pr\u00eate \u00e0 revenir l\u2019ann\u00e9e prochaine. C\u2019est vrai, d\u2019ici l\u00e0, j\u2019ai du boulot&nbsp;! La suite de La nuit des Orpailleurs est en chantier et comme je suis du genre \u00e0 prendre des risques, j\u2019ai fix\u00e9 la barre un peu plus haut\u2026<\/p>\n<p class=\"MsoNormal\" style=\"MARGIN: 0cm 0cm 0; TEXT-ALIGN: justify\"><o:p>&nbsp;<\/o:p><\/p>\n<p class=\"MsoNormal\" style=\"MARGIN: 0cm 0cm 0; TEXT-ALIGN: justify\">Merci encore \u00e0 toutes et \u00e0 tous et&#8230; \u00e0 bient\u00f4t !<\/p>\n<p>&nbsp;<\/p>\n","protected":false},"excerpt":{"rendered":"<p>Je dois avouer que cette premi\u00e8re participation \u00e0 Lire \u00e0 Limoges avait pour moi une symbolique tr\u00e8s particuli\u00e8re. Je suis n\u00e9e \u00e0 Limoges, j\u2019y ai[\u2026]<\/p>\n","protected":false},"author":2,"featured_media":336,"comment_status":"closed","ping_status":"open","sticky":false,"template":"","format":"standard","meta":{"jetpack_post_was_ever_published":false,"_jetpack_newsletter_access":"","_jetpack_dont_email_post_to_subs":false,"_jetpack_newsletter_tier_id":0,"_jetpack_memberships_contains_paywalled_content":false,"_jetpack_memberships_contains_paid_content":false,"footnotes":"","jetpack_publicize_message":"","jetpack_publicize_feature_enabled":true,"jetpack_social_post_already_shared":false,"jetpack_social_options":{"image_generator_settings":{"template":"highway","default_image_id":0,"font":"","enabled":false},"version":2}},"categories":[4],"tags":[],"class_list":["post-125","post","type-post","status-publish","format-standard","has-post-thumbnail","hentry","category-carnet-de-bord"],"jetpack_publicize_connections":[],"jetpack_featured_media_url":"https:\/\/i0.wp.com\/www.verobreger.com\/wordpress\/wp-content\/uploads\/2014\/03\/Lire_A_Limoges_Entree_Libre_s.jpg?fit=180%2C240&ssl=1","jetpack_shortlink":"https:\/\/wp.me\/p4t416-21","jetpack-related-posts":[],"jetpack_sharing_enabled":true,"_links":{"self":[{"href":"https:\/\/www.verobreger.com\/wordpress\/wp-json\/wp\/v2\/posts\/125","targetHints":{"allow":["GET"]}}],"collection":[{"href":"https:\/\/www.verobreger.com\/wordpress\/wp-json\/wp\/v2\/posts"}],"about":[{"href":"https:\/\/www.verobreger.com\/wordpress\/wp-json\/wp\/v2\/types\/post"}],"author":[{"embeddable":true,"href":"https:\/\/www.verobreger.com\/wordpress\/wp-json\/wp\/v2\/users\/2"}],"replies":[{"embeddable":true,"href":"https:\/\/www.verobreger.com\/wordpress\/wp-json\/wp\/v2\/comments?post=125"}],"version-history":[{"count":0,"href":"https:\/\/www.verobreger.com\/wordpress\/wp-json\/wp\/v2\/posts\/125\/revisions"}],"wp:featuredmedia":[{"embeddable":true,"href":"https:\/\/www.verobreger.com\/wordpress\/wp-json\/wp\/v2\/media\/336"}],"wp:attachment":[{"href":"https:\/\/www.verobreger.com\/wordpress\/wp-json\/wp\/v2\/media?parent=125"}],"wp:term":[{"taxonomy":"category","embeddable":true,"href":"https:\/\/www.verobreger.com\/wordpress\/wp-json\/wp\/v2\/categories?post=125"},{"taxonomy":"post_tag","embeddable":true,"href":"https:\/\/www.verobreger.com\/wordpress\/wp-json\/wp\/v2\/tags?post=125"}],"curies":[{"name":"wp","href":"https:\/\/api.w.org\/{rel}","templated":true}]}}