{"id":131,"date":"2011-11-08T16:00:00","date_gmt":"2011-11-08T16:00:00","guid":{"rendered":"http:\/\/www.verobreger.com\/wordpress\/?p=131"},"modified":"2017-05-13T22:44:33","modified_gmt":"2017-05-13T20:44:33","slug":"20111108foire-du-livre-de-brive-2011-retour-en-images","status":"publish","type":"post","link":"https:\/\/www.verobreger.com\/wordpress\/2011\/11\/08\/20111108foire-du-livre-de-brive-2011-retour-en-images\/","title":{"rendered":"Foire du livre de Brive 2011, retour en images"},"content":{"rendered":"<p><span style=\"FONT-SIZE: 10pt; COLOR: black; FONT-FAMILY: 'Lucida Sans Unicode'\"><a href=\"https:\/\/i0.wp.com\/www.verobreger.com\/dotclear\/public\/Carnet_de_Bord\/Brive_4_MBVB.jpg\" rel=\"lightbox\"><img data-recalc-dims=\"1\" loading=\"lazy\" decoding=\"async\" class=\"glossy\" title=\"Brive_4_MBVB.jpg, nov. 2011\" style=\"FLOAT: left; MARGIN: 0 1em 1em 0\" height=\"240\" alt=\"\" src=\"https:\/\/i0.wp.com\/www.verobreger.com\/dotclear\/public\/Carnet_de_Bord\/.Brive_4_MBVB_s.jpg?resize=179%2C240\" width=\"179\" \/><\/a>Quelques photos choisies de ces trois journ\u00e9es pass\u00e9es \u00e0 la foire du livre de&nbsp;Brive. <\/span><\/p>\n<p><span style=\"FONT-SIZE: 10pt; COLOR: black; FONT-FAMILY: 'Lucida Sans Unicode'\">Un grand merci \u00e0 toutes celles et ceux qui ce sont arr\u00eat\u00e9s sur le stand des Ardents Editeurs. <\/span><\/p>\n<p><span style=\"FONT-SIZE: 10pt; COLOR: black; FONT-FAMILY: 'Lucida Sans Unicode'\">Nous avons&nbsp;eu des \u00e9changes de qualit\u00e9, des sourires, des partages,&nbsp;tout ce qui fait&nbsp;le charme de cette foire du livre dont le succ\u00e8s ne se d\u00e9ment pas et progresse d\u2019ann\u00e9e en ann\u00e9e. <a href=\"https:\/\/i0.wp.com\/www.verobreger.com\/dotclear\/public\/Carnet_de_Bord\/Brive_1_Stand.jpg\" rel=\"lightbox\"><img data-recalc-dims=\"1\" loading=\"lazy\" decoding=\"async\" class=\"glossy\" title=\"Brive_1_Stand.jpg, nov. 2011\" style=\"FLOAT: right; MARGIN: 0 0 1em 1em\" height=\"179\" alt=\"\" src=\"https:\/\/i0.wp.com\/www.verobreger.com\/dotclear\/public\/Carnet_de_Bord\/.Brive_1_Stand_s.jpg?resize=240%2C179\" width=\"240\" \/><\/a><\/span><\/p>\n<p><span style=\"FONT-SIZE: 10pt; COLOR: black; FONT-FAMILY: 'Lucida Sans Unicode'\">Un grand merci \u00e9galement aux \u00e9quipes&nbsp;pr\u00e9sentes sur chaque stand,&nbsp;qui prennent soin des auteurs et qui font que chacun d\u2019entre nous se sent ici chez lui. Merci \u00e0 Paulette, Manon et Valentin dont la g\u00e9n\u00e9rosit\u00e9 et la gentillesse ont accompagn\u00e9s ces trois jours.<\/span><\/p>\n<p><span style=\"FONT-SIZE: 10pt; COLOR: black; FONT-FAMILY: 'Lucida Sans Unicode'\"><a href=\"https:\/\/i0.wp.com\/www.verobreger.com\/dotclear\/public\/Carnet_de_Bord\/Brive_5.jpg\" rel=\"lightbox\"><img data-recalc-dims=\"1\" loading=\"lazy\" decoding=\"async\" class=\"glossy\" title=\"Brive_5.jpg, nov. 2011\" style=\"DISPLAY: block; MARGIN: 0 auto\" height=\"180\" alt=\"\" src=\"https:\/\/i0.wp.com\/www.verobreger.com\/dotclear\/public\/Carnet_de_Bord\/.Brive_5_s.jpg?resize=240%2C180\" width=\"240\" \/><\/a><\/span><\/p>\n<p>&nbsp;<\/p>\n","protected":false},"excerpt":{"rendered":"<p>Quelques photos choisies de ces trois journ\u00e9es pass\u00e9es \u00e0 la foire du livre de&nbsp;Brive. Un grand merci \u00e0 toutes celles et ceux qui ce sont[\u2026]<\/p>\n","protected":false},"author":2,"featured_media":342,"comment_status":"closed","ping_status":"open","sticky":false,"template":"","format":"standard","meta":{"jetpack_post_was_ever_published":false,"_jetpack_newsletter_access":"","_jetpack_dont_email_post_to_subs":false,"_jetpack_newsletter_tier_id":0,"_jetpack_memberships_contains_paywalled_content":false,"_jetpack_memberships_contains_paid_content":false,"footnotes":"","jetpack_publicize_message":"","jetpack_publicize_feature_enabled":true,"jetpack_social_post_already_shared":false,"jetpack_social_options":{"image_generator_settings":{"template":"highway","default_image_id":0,"font":"","enabled":false},"version":2}},"categories":[4],"tags":[],"class_list":["post-131","post","type-post","status-publish","format-standard","has-post-thumbnail","hentry","category-carnet-de-bord"],"jetpack_publicize_connections":[],"jetpack_featured_media_url":"https:\/\/i0.wp.com\/www.verobreger.com\/wordpress\/wp-content\/uploads\/2014\/03\/Brive_4_MBVB_s.jpg?fit=179%2C240&ssl=1","jetpack_shortlink":"https:\/\/wp.me\/p4t416-27","jetpack-related-posts":[],"jetpack_sharing_enabled":true,"_links":{"self":[{"href":"https:\/\/www.verobreger.com\/wordpress\/wp-json\/wp\/v2\/posts\/131","targetHints":{"allow":["GET"]}}],"collection":[{"href":"https:\/\/www.verobreger.com\/wordpress\/wp-json\/wp\/v2\/posts"}],"about":[{"href":"https:\/\/www.verobreger.com\/wordpress\/wp-json\/wp\/v2\/types\/post"}],"author":[{"embeddable":true,"href":"https:\/\/www.verobreger.com\/wordpress\/wp-json\/wp\/v2\/users\/2"}],"replies":[{"embeddable":true,"href":"https:\/\/www.verobreger.com\/wordpress\/wp-json\/wp\/v2\/comments?post=131"}],"version-history":[{"count":0,"href":"https:\/\/www.verobreger.com\/wordpress\/wp-json\/wp\/v2\/posts\/131\/revisions"}],"wp:featuredmedia":[{"embeddable":true,"href":"https:\/\/www.verobreger.com\/wordpress\/wp-json\/wp\/v2\/media\/342"}],"wp:attachment":[{"href":"https:\/\/www.verobreger.com\/wordpress\/wp-json\/wp\/v2\/media?parent=131"}],"wp:term":[{"taxonomy":"category","embeddable":true,"href":"https:\/\/www.verobreger.com\/wordpress\/wp-json\/wp\/v2\/categories?post=131"},{"taxonomy":"post_tag","embeddable":true,"href":"https:\/\/www.verobreger.com\/wordpress\/wp-json\/wp\/v2\/tags?post=131"}],"curies":[{"name":"wp","href":"https:\/\/api.w.org\/{rel}","templated":true}]}}