{"id":133,"date":"2012-02-28T15:59:00","date_gmt":"2012-02-28T15:59:00","guid":{"rendered":"http:\/\/www.verobreger.com\/wordpress\/?p=133"},"modified":"2017-05-13T22:44:34","modified_gmt":"2017-05-13T20:44:34","slug":"20120228garder-le-contact","status":"publish","type":"post","link":"https:\/\/www.verobreger.com\/wordpress\/2012\/02\/28\/20120228garder-le-contact\/","title":{"rendered":"Garder le contact"},"content":{"rendered":"<p class=\"MsoNormal\" style=\"text-align:justify;text-justify:inter-ideograph\"><span style=\"font-size:11.0pt;font-family:Arial;mso-bidi-font-family:Arial\"><a rel=\"lightbox\" href=\"\/dotclear\/public\/Carnet_de_Bord\/Vero_Breger_Fe_vrier_2012.jpg\"><img decoding=\"async\" class=\"glossy\" title=\"Vero_Breger_Fe_vrier_2012.jpg, f\u00e9v. 2012\" style=\"float: left; margin: 0 1em 1em 0;\" alt=\"\" src=\"\/dotclear\/public\/Carnet_de_Bord\/.Vero_Breger_Fe_vrier_2012_s.jpg\" \/><\/a>Je re\u00e7ois r\u00e9guli\u00e8rement des courriers de lectrices et lecteurs qui m\u2019\u00e9crivent leur ressenti suite \u00e0 la lecture de mes romans. Je r\u00e9ponds toujours, pas forc\u00e9ment tout de suite, mon emploi du temps ne me permet pas d\u2019exceller \u00e0 cet exercice, mais\u2026 je r\u00e9ponds. <\/span><\/p>\n<p class=\"MsoNormal\" style=\"text-align:justify;text-justify:inter-ideograph\"><span style=\"font-size:11.0pt;font-family:Arial;mso-bidi-font-family:Arial\">Depuis la parution de <a href=\"\/dotclear\/index.php?post\/2011\/08\/22\/La-vengeance-de-Mademoiselle-Jin2\">La vengeance de Mademoiselle Jin<\/a> en octobre 2011, vous \u00eates de plus en plus nombreuses et nombreux \u00e0 prendre le clavier et parmi les questions r\u00e9currentes se pose celle de la suite des aventures d\u2019\u00c9vi Marc.<\/span><\/p>\n<p class=\"MsoNormal\" style=\"text-align:justify;text-justify:inter-ideograph\"><span style=\"font-size:11.0pt;font-family:Arial;mso-bidi-font-family:Arial\">Oui, comme je le pr\u00e9cisais r\u00e9cemment \u00e0 une lectrice, un 3<sup>e<\/sup> opus est bien pr\u00e9vu. Il est en cours d\u2019\u00e9criture. Il a n\u00e9cessit\u00e9, une nouvelle fois, un important travail de recherches, tant sur les aspects historiques que sur le sc\u00e9nario. <\/span><\/p>\n<p class=\"MsoNormal\" style=\"text-align:justify;text-justify:inter-ideograph\"><span style=\"font-size:11.0pt;font-family:Arial;mso-bidi-font-family:Arial\">Les 2 premiers volumes s\u2019encha\u00eenent, mais peuvent aussi se lire s\u00e9par\u00e9ment. Ils disposent chacun d\u2019un rythme et d\u2019un ton qui sont diff\u00e9rents et compl\u00e9mentaires. Mon objectif est de proposer une trilogie coh\u00e9rente et originale bas\u00e9e \u00e0 la fois sur l\u2019\u00e9volution du personnage principal, la d\u00e9tective \u00c9vi Marc et sur des personnages secondaires forts. Mon id\u00e9e est aussi de faire en sorte que l\u2019on ne s\u2019ennuie pas et que l\u2019on se demande&nbsp;: \u00ab&nbsp;que va-t-il se passer cette fois que l\u2019on ne sait d\u00e9j\u00e0&nbsp;?&nbsp;\u00bb. <\/span><\/p>\n<p class=\"MsoNormal\" style=\"text-align:justify;text-justify:inter-ideograph\"><span style=\"font-size:11.0pt;font-family:Arial;mso-bidi-font-family:Arial\">Pour ce 3<sup>e<\/sup> tome, il a fallu que je farfouille dans mon grenier \u00e0 id\u00e9es. Je me suis balad\u00e9e dans les coins cach\u00e9s, les recoins sombres et myst\u00e9rieux, ceux desquels on ne distingue au premier abord que la poussi\u00e8re. J\u2019ai beaucoup \u00e9ternu\u00e9, je suis allergique \u00e0 la poussi\u00e8re. J\u2019ai aussi trouv\u00e9 un pot autour duquel j\u2019ai beaucoup et longtemps tourn\u00e9. Quand je me suis enfin d\u00e9cid\u00e9e \u00e0 regarder au fond de ce fameux pot, j\u2019ai d\u00e9couvert une multitude de possibilit\u00e9s. <\/span><\/p>\n<p class=\"MsoNormal\" style=\"text-align:justify;text-justify:inter-ideograph\"><span style=\"font-size:11.0pt;font-family:Arial;mso-bidi-font-family:Arial\">J\u2019ai d\u00fb trier, faire des choix, tenter des exp\u00e9riences, renoncer, recommencer. Ainsi, une quinzaine de jours d\u2019\u00e9criture ont \u00e9t\u00e9 estampill\u00e9s&nbsp;: \u00abpour un futur projet\u2026&nbsp;peut-\u00eatre\u2026 pas s\u00fbr\u00bb, exit \u00e9galement le prologue initial et la p\u00e9riode historique sur laquelle j\u2019avais focalis\u00e9 le d\u00e9but de mes recherches. Cela ne fonctionnait pas avec ce que je voulais r\u00e9ellement. Trop \u00e9vident, trop\u2026 facile.<\/span><\/p>\n<p class=\"MsoNormal\" style=\"text-align:justify;text-justify:inter-ideograph\"><span style=\"font-size:11.0pt;font-family:Arial;mso-bidi-font-family:Arial\">Ne pas choisir la facilit\u00e9 se traduit par un besoin de plus de temps, plus d\u2019\u00e9nergie, plus de travail\u2026 sans doute plus d\u2019espoirs aussi.<\/span><\/p>\n<p class=\"MsoNormal\" style=\"text-align:justify;text-justify:inter-ideograph\"><span style=\"font-size:11.0pt;font-family:Arial;mso-bidi-font-family:Arial\"><a href=\"\/dotclear\/index.php?post\/2009\/10\/01\/La-nuit-des-orpailleurs\">La nuit des orpailleurs<\/a> et <a href=\"\/dotclear\/index.php?post\/2011\/08\/22\/La-vengeance-de-Mademoiselle-Jin\">La vengeance de Mademoiselle Jin<\/a> offrent un voyage dont, pour l\u2019instant, et c\u2019est normal, on ne distingue pas la fin. Je commence \u00e0 peine \u00e0 en entrevoir les perspectives propos\u00e9es par le 3e opus. Certains \u00e9crivains diront que ce n\u2019est pas tr\u00e8s professionnel, que celui qui \u00e9crit sait o\u00f9 il va aller afin d\u2019y entra\u00eener au mieux ses lectrices et lecteurs. Ni faux, ni vrai \u00e0 100 %. <\/span><\/p>\n<p class=\"MsoNormal\" style=\"text-align:justify;text-justify:inter-ideograph\"><span style=\"font-size:11.0pt;font-family:Arial;mso-bidi-font-family:Arial\">La trame est pos\u00e9e, elle semble fonctionner et j\u2019ai pris le parti de me laisser guider par l\u2019encha\u00eenement des \u00e9v\u00e8nements \u2013 ils sont d\u00e9j\u00e0 nombreux \u2013 je verrai o\u00f9 tout cela nous m\u00e8nera \u00c9vi et moi quand nous serons \u00e0 la crois\u00e9e de certains chemins.<span style=\"mso-spacerun:yes\">&nbsp; <\/span>C\u2019est comme la vraie vie, on imagine que les choses se d\u00e9rouleront d\u2019une certaine fa\u00e7on et ce n\u2019est jamais l\u2019exacte v\u00e9rit\u00e9. <\/span><\/p>\n<p class=\"MsoNormal\" style=\"text-align:justify;text-justify:inter-ideograph\"><span style=\"font-size:11.0pt;font-family:Arial;mso-bidi-font-family:Arial\">Merci encore \u00e0 toutes et \u00e0 tous pour vos nombreux courriers&nbsp;! Merci de me demander \u00ab&nbsp;\u00e0 quand la suite&nbsp;?&nbsp;\u00bb, vos encouragements et votre curiosit\u00e9 me stimulent et me poussent \u00e0 avancer. <\/span><\/p>\n<p class=\"MsoNormal\" style=\"text-align:justify;text-justify:inter-ideograph\"><span style=\"font-size:11.0pt;font-family:Arial;mso-bidi-font-family:Arial\">Alors j\u2019avance, pas toujours \u00e0 grands pas, souvent par petites touches\u2026 j\u2019explore\u2026 au passage je fais quelques trouvailles que &#8211; soyez rassur\u00e9(e)s &#8211; je partagerai avec vous. <\/span><\/p>\n<p><\/p>\n<p class=\"MsoNormal\" style=\"text-align:justify;text-justify:inter-ideograph\"><span style=\"font-size:11.0pt;font-family:Arial;mso-bidi-font-family:Arial\">\u00c0 bient\u00f4t\u2026<\/span><\/p>\n","protected":false},"excerpt":{"rendered":"<p>Je re\u00e7ois r\u00e9guli\u00e8rement des courriers de lectrices et lecteurs qui m\u2019\u00e9crivent leur ressenti suite \u00e0 la lecture de mes romans. Je r\u00e9ponds toujours, pas forc\u00e9ment[\u2026]<\/p>\n","protected":false},"author":2,"featured_media":0,"comment_status":"closed","ping_status":"open","sticky":false,"template":"","format":"standard","meta":{"jetpack_post_was_ever_published":false,"_jetpack_newsletter_access":"","_jetpack_dont_email_post_to_subs":false,"_jetpack_newsletter_tier_id":0,"_jetpack_memberships_contains_paywalled_content":false,"_jetpack_memberships_contains_paid_content":false,"footnotes":"","jetpack_publicize_message":"","jetpack_publicize_feature_enabled":true,"jetpack_social_post_already_shared":false,"jetpack_social_options":{"image_generator_settings":{"template":"highway","default_image_id":0,"font":"","enabled":false},"version":2}},"categories":[4],"tags":[],"class_list":["post-133","post","type-post","status-publish","format-standard","hentry","category-carnet-de-bord"],"jetpack_publicize_connections":[],"jetpack_featured_media_url":"","jetpack_shortlink":"https:\/\/wp.me\/p4t416-29","jetpack-related-posts":[],"jetpack_sharing_enabled":true,"_links":{"self":[{"href":"https:\/\/www.verobreger.com\/wordpress\/wp-json\/wp\/v2\/posts\/133","targetHints":{"allow":["GET"]}}],"collection":[{"href":"https:\/\/www.verobreger.com\/wordpress\/wp-json\/wp\/v2\/posts"}],"about":[{"href":"https:\/\/www.verobreger.com\/wordpress\/wp-json\/wp\/v2\/types\/post"}],"author":[{"embeddable":true,"href":"https:\/\/www.verobreger.com\/wordpress\/wp-json\/wp\/v2\/users\/2"}],"replies":[{"embeddable":true,"href":"https:\/\/www.verobreger.com\/wordpress\/wp-json\/wp\/v2\/comments?post=133"}],"version-history":[{"count":0,"href":"https:\/\/www.verobreger.com\/wordpress\/wp-json\/wp\/v2\/posts\/133\/revisions"}],"wp:attachment":[{"href":"https:\/\/www.verobreger.com\/wordpress\/wp-json\/wp\/v2\/media?parent=133"}],"wp:term":[{"taxonomy":"category","embeddable":true,"href":"https:\/\/www.verobreger.com\/wordpress\/wp-json\/wp\/v2\/categories?post=133"},{"taxonomy":"post_tag","embeddable":true,"href":"https:\/\/www.verobreger.com\/wordpress\/wp-json\/wp\/v2\/tags?post=133"}],"curies":[{"name":"wp","href":"https:\/\/api.w.org\/{rel}","templated":true}]}}