{"id":1462,"date":"2015-08-03T14:25:00","date_gmt":"2015-08-03T14:25:00","guid":{"rendered":"http:\/\/www.verobreger.com\/wordpress\/2015\/08\/03\/20150803journee-du-livre-felletin\/"},"modified":"2015-08-03T14:25:00","modified_gmt":"2015-08-03T14:25:00","slug":"20150803journee-du-livre-felletin","status":"publish","type":"post","link":"https:\/\/www.verobreger.com\/wordpress\/2015\/08\/03\/20150803journee-du-livre-felletin\/","title":{"rendered":"Journ\u00e9e du Livre &#8211; Felletin 2015"},"content":{"rendered":"<h2><a rel=\"lightbox\" href=\"\/dotclear\/public\/actu\/Felletin_Journee_du_Livre_20ans.jpg\"><img decoding=\"async\" class=\"glossy\" title=\"Felletin_Journee_du_Livre_20ans.jpg, ao\u00fbt 2015\" style=\"float: left; margin: 0 1em 1em 0;\" alt=\"\" src=\"\/dotclear\/public\/actu\/.Felletin_Journee_du_Livre_20ans_s.jpg\" \/><\/a> Journ\u00e9e du Livre de Felletin &#8211; 14 ao\u00fbt 2015<\/h2>\n<h4><a hreflang=\"fr\" href=\"http:\/\/www.journeedulivre.fr\/ecrivain-present.html\">La journ\u00e9e du livre de Felletin<\/a> souffle ses vingt bougies !!!<\/h4>\n<h4>J&rsquo;y serai !<\/h4>\n","protected":false},"excerpt":{"rendered":"<p>Journ\u00e9e du Livre de Felletin &#8211; 14 ao\u00fbt 2015 La journ\u00e9e du livre de Felletin souffle ses vingt bougies !!! J&rsquo;y serai !<\/p>\n","protected":false},"author":2,"featured_media":0,"comment_status":"closed","ping_status":"open","sticky":false,"template":"","format":"standard","meta":{"jetpack_post_was_ever_published":false,"_jetpack_newsletter_access":"","_jetpack_dont_email_post_to_subs":false,"_jetpack_newsletter_tier_id":0,"_jetpack_memberships_contains_paywalled_content":false,"_jetpack_memberships_contains_paid_content":false,"footnotes":"","jetpack_publicize_message":"","jetpack_publicize_feature_enabled":true,"jetpack_social_post_already_shared":false,"jetpack_social_options":{"image_generator_settings":{"template":"highway","default_image_id":0,"font":"","enabled":false},"version":2}},"categories":[5],"tags":[],"class_list":["post-1462","post","type-post","status-publish","format-standard","hentry","category-actu-agenda"],"jetpack_publicize_connections":[],"jetpack_featured_media_url":"","jetpack_shortlink":"https:\/\/wp.me\/p4t416-nA","jetpack-related-posts":[],"jetpack_sharing_enabled":true,"_links":{"self":[{"href":"https:\/\/www.verobreger.com\/wordpress\/wp-json\/wp\/v2\/posts\/1462","targetHints":{"allow":["GET"]}}],"collection":[{"href":"https:\/\/www.verobreger.com\/wordpress\/wp-json\/wp\/v2\/posts"}],"about":[{"href":"https:\/\/www.verobreger.com\/wordpress\/wp-json\/wp\/v2\/types\/post"}],"author":[{"embeddable":true,"href":"https:\/\/www.verobreger.com\/wordpress\/wp-json\/wp\/v2\/users\/2"}],"replies":[{"embeddable":true,"href":"https:\/\/www.verobreger.com\/wordpress\/wp-json\/wp\/v2\/comments?post=1462"}],"version-history":[{"count":0,"href":"https:\/\/www.verobreger.com\/wordpress\/wp-json\/wp\/v2\/posts\/1462\/revisions"}],"wp:attachment":[{"href":"https:\/\/www.verobreger.com\/wordpress\/wp-json\/wp\/v2\/media?parent=1462"}],"wp:term":[{"taxonomy":"category","embeddable":true,"href":"https:\/\/www.verobreger.com\/wordpress\/wp-json\/wp\/v2\/categories?post=1462"},{"taxonomy":"post_tag","embeddable":true,"href":"https:\/\/www.verobreger.com\/wordpress\/wp-json\/wp\/v2\/tags?post=1462"}],"curies":[{"name":"wp","href":"https:\/\/api.w.org\/{rel}","templated":true}]}}