{"id":159,"date":"2010-04-27T12:43:00","date_gmt":"2010-04-27T12:43:00","guid":{"rendered":"http:\/\/www.verobreger.com\/wordpress\/?p=159"},"modified":"2017-05-13T22:44:36","modified_gmt":"2017-05-13T20:44:36","slug":"20100427d-un-trait-s-installe-a-la-venus-noire","status":"publish","type":"post","link":"https:\/\/www.verobreger.com\/wordpress\/2010\/04\/27\/20100427d-un-trait-s-installe-a-la-venus-noire\/","title":{"rendered":"D&rsquo;un Trait s&rsquo;installe \u00e0 La V\u00e9nus Noire"},"content":{"rendered":"<h5><img data-recalc-dims=\"1\" loading=\"lazy\" decoding=\"async\" title=\"D_Un_Trait_Venus_noire.jpg, avr. 2010\" style=\"DISPLAY: block; MARGIN: 0 auto\" height=\"125\" alt=\"\" src=\"https:\/\/i0.wp.com\/www.verobreger.com\/dotclear\/public\/actu\/.D_Un_Trait_Venus_noire_m.jpg?resize=448%2C125\" width=\"448\" \/><\/h5>\n<h5>La V\u00e9nus Noire, Jeudi 06 mai 2010 \u00e0 partir de 19h00 &#8211; Rencontre avec V\u00e9ronique Br\u00e9ger et Esther Gagn\u00e9<\/h5>\n<p>A l&rsquo;occasion de la parution du&nbsp;nouveau roman de V\u00e9ronique Br\u00e9ger,&nbsp;<a href=\"http:\/\/www.verobreger.com\/dotclear\/index.php?post\/2010\/04\/27\/D-un-Trait2\"><strong><em>D&rsquo;un Trait<\/em><\/strong><\/a>, les \u00e9ditions&nbsp;<a href=\"http:\/\/www.ktmeditions.com\/\" hreflang=\"fr\">KTM Editions<\/a> et <a href=\"http:\/\/www.lavenusnoire.com\/\" hreflang=\"fr\">La V\u00e9nus Noire<\/a>, 25 rue de l&rsquo;hirondelle, Paris 6e, vous invitent \u00e0 venir rencontrer&nbsp;V\u00e9ronique Br\u00e9ger&nbsp;et l&rsquo;illustratrice <a href=\"http:\/\/www.lanternebrisee.net\/\" hreflang=\"fr\">Esther Gagn\u00e9<\/a>, le Jeudi 06 mai 2010 \u00e0 partir de 19h00.<\/p>\n<p>Vous pourrez d\u00e9couvrir &#8211; grandeur nature &#8211; les illustrations du roman et discuter en toute simplicit\u00e9 autour d&rsquo;un verre avec l&rsquo;auteure et l&rsquo;illustratrice. <\/p>\n<p><a href=\"https:\/\/i0.wp.com\/www.verobreger.com\/dotclear\/public\/Dedicaces\/Affiche_Venus_VB.jpg\" rel=\"lightbox\"><img data-recalc-dims=\"1\" loading=\"lazy\" decoding=\"async\" class=\"glossy\" title=\"Affiche_Venus_VB.jpg, avr. 2010\" style=\"FLOAT: left; MARGIN: 0 1em 1em 0\" height=\"240\" alt=\"\" src=\"https:\/\/i0.wp.com\/www.verobreger.com\/dotclear\/public\/Dedicaces\/.Affiche_Venus_VB_s.jpg?resize=169%2C240\" width=\"169\" \/><\/a><a href=\"https:\/\/i0.wp.com\/www.verobreger.com\/dotclear\/public\/Dedicaces\/Vero_Breger_Esther_Gagne.jpg\" rel=\"lightbox\"><img data-recalc-dims=\"1\" loading=\"lazy\" decoding=\"async\" class=\"glossy\" title=\"Vero_Breger_Esther_Gagne.jpg, avr. 2010\" style=\"FLOAT: right; MARGIN: 0 0 1em 1em\" height=\"180\" alt=\"\" src=\"https:\/\/i0.wp.com\/www.verobreger.com\/dotclear\/public\/Dedicaces\/.Vero_Breger_Esther_Gagne_s.jpg?resize=240%2C180\" width=\"240\" \/><\/a><\/p>\n<p>&nbsp;<\/p>\n<p>&nbsp;<\/p>\n","protected":false},"excerpt":{"rendered":"<p>La V\u00e9nus Noire, Jeudi 06 mai 2010 \u00e0 partir de 19h00 &#8211; Rencontre avec V\u00e9ronique Br\u00e9ger et Esther Gagn\u00e9 A l&rsquo;occasion de la parution du&nbsp;nouveau[\u2026]<\/p>\n","protected":false},"author":2,"featured_media":353,"comment_status":"closed","ping_status":"open","sticky":false,"template":"","format":"standard","meta":{"jetpack_post_was_ever_published":false,"_jetpack_newsletter_access":"","_jetpack_dont_email_post_to_subs":false,"_jetpack_newsletter_tier_id":0,"_jetpack_memberships_contains_paywalled_content":false,"_jetpack_memberships_contains_paid_content":false,"footnotes":"","jetpack_publicize_message":"","jetpack_publicize_feature_enabled":true,"jetpack_social_post_already_shared":false,"jetpack_social_options":{"image_generator_settings":{"template":"highway","default_image_id":0,"font":"","enabled":false},"version":2}},"categories":[5],"tags":[],"class_list":["post-159","post","type-post","status-publish","format-standard","has-post-thumbnail","hentry","category-actu-agenda"],"jetpack_publicize_connections":[],"jetpack_featured_media_url":"https:\/\/i0.wp.com\/www.verobreger.com\/wordpress\/wp-content\/uploads\/2014\/03\/D_Un_Trait_Venus_noire_m.jpg?fit=448%2C125&ssl=1","jetpack_shortlink":"https:\/\/wp.me\/p4t416-2z","jetpack-related-posts":[],"jetpack_sharing_enabled":true,"_links":{"self":[{"href":"https:\/\/www.verobreger.com\/wordpress\/wp-json\/wp\/v2\/posts\/159","targetHints":{"allow":["GET"]}}],"collection":[{"href":"https:\/\/www.verobreger.com\/wordpress\/wp-json\/wp\/v2\/posts"}],"about":[{"href":"https:\/\/www.verobreger.com\/wordpress\/wp-json\/wp\/v2\/types\/post"}],"author":[{"embeddable":true,"href":"https:\/\/www.verobreger.com\/wordpress\/wp-json\/wp\/v2\/users\/2"}],"replies":[{"embeddable":true,"href":"https:\/\/www.verobreger.com\/wordpress\/wp-json\/wp\/v2\/comments?post=159"}],"version-history":[{"count":0,"href":"https:\/\/www.verobreger.com\/wordpress\/wp-json\/wp\/v2\/posts\/159\/revisions"}],"wp:featuredmedia":[{"embeddable":true,"href":"https:\/\/www.verobreger.com\/wordpress\/wp-json\/wp\/v2\/media\/353"}],"wp:attachment":[{"href":"https:\/\/www.verobreger.com\/wordpress\/wp-json\/wp\/v2\/media?parent=159"}],"wp:term":[{"taxonomy":"category","embeddable":true,"href":"https:\/\/www.verobreger.com\/wordpress\/wp-json\/wp\/v2\/categories?post=159"},{"taxonomy":"post_tag","embeddable":true,"href":"https:\/\/www.verobreger.com\/wordpress\/wp-json\/wp\/v2\/tags?post=159"}],"curies":[{"name":"wp","href":"https:\/\/api.w.org\/{rel}","templated":true}]}}