{"id":169,"date":"2012-01-09T16:44:00","date_gmt":"2012-01-09T16:44:00","guid":{"rendered":"http:\/\/www.verobreger.com\/wordpress\/?p=169"},"modified":"2017-05-13T22:44:37","modified_gmt":"2017-05-13T20:44:37","slug":"20120109dates-de-rencontres-en-2012","status":"publish","type":"post","link":"https:\/\/www.verobreger.com\/wordpress\/2012\/01\/09\/20120109dates-de-rencontres-en-2012\/","title":{"rendered":"Dates de rencontres en 2012"},"content":{"rendered":"<p><a href=\"https:\/\/i0.wp.com\/www.verobreger.com\/dotclear\/public\/actu\/Ve_ro_Bre_ger_Signature.jpg\" rel=\"lightbox\"><img data-recalc-dims=\"1\" loading=\"lazy\" decoding=\"async\" class=\"glossy\" title=\"Ve_ro_Bre_ger_Signature.jpg, nov. 2011\" style=\"FLOAT: left; MARGIN: 0 1em 1em 0\" height=\"180\" alt=\"\" src=\"https:\/\/i0.wp.com\/www.verobreger.com\/dotclear\/public\/actu\/.Ve_ro_Bre_ger_Signature_s.jpg?resize=240%2C180\" width=\"240\" \/><\/a>A noter d\u00e8s \u00e0 pr\u00e9sent dans votre agenda :<\/p>\n<h5>Salon du Livre de Limoges &#8211; Du vendredi 30 mars au dimanche 1er avril<\/h5>\n<h5>Journ\u00e9e du livre de Felletin &#8211; Vendredi 10 ao\u00fbt<\/h5>\n","protected":false},"excerpt":{"rendered":"<p>A noter d\u00e8s \u00e0 pr\u00e9sent dans votre agenda : Salon du Livre de Limoges &#8211; Du vendredi 30 mars au dimanche 1er avril Journ\u00e9e du[\u2026]<\/p>\n","protected":false},"author":2,"featured_media":361,"comment_status":"closed","ping_status":"open","sticky":false,"template":"","format":"standard","meta":{"jetpack_post_was_ever_published":false,"_jetpack_newsletter_access":"","_jetpack_dont_email_post_to_subs":false,"_jetpack_newsletter_tier_id":0,"_jetpack_memberships_contains_paywalled_content":false,"_jetpack_memberships_contains_paid_content":false,"footnotes":"","jetpack_publicize_message":"","jetpack_publicize_feature_enabled":true,"jetpack_social_post_already_shared":false,"jetpack_social_options":{"image_generator_settings":{"template":"highway","default_image_id":0,"font":"","enabled":false},"version":2}},"categories":[5],"tags":[],"class_list":["post-169","post","type-post","status-publish","format-standard","has-post-thumbnail","hentry","category-actu-agenda"],"jetpack_publicize_connections":[],"jetpack_featured_media_url":"https:\/\/i0.wp.com\/www.verobreger.com\/wordpress\/wp-content\/uploads\/2014\/03\/Ve_ro_Bre_ger_Signature_s.jpg?fit=240%2C180&ssl=1","jetpack_shortlink":"https:\/\/wp.me\/p4t416-2J","jetpack-related-posts":[],"jetpack_sharing_enabled":true,"_links":{"self":[{"href":"https:\/\/www.verobreger.com\/wordpress\/wp-json\/wp\/v2\/posts\/169","targetHints":{"allow":["GET"]}}],"collection":[{"href":"https:\/\/www.verobreger.com\/wordpress\/wp-json\/wp\/v2\/posts"}],"about":[{"href":"https:\/\/www.verobreger.com\/wordpress\/wp-json\/wp\/v2\/types\/post"}],"author":[{"embeddable":true,"href":"https:\/\/www.verobreger.com\/wordpress\/wp-json\/wp\/v2\/users\/2"}],"replies":[{"embeddable":true,"href":"https:\/\/www.verobreger.com\/wordpress\/wp-json\/wp\/v2\/comments?post=169"}],"version-history":[{"count":0,"href":"https:\/\/www.verobreger.com\/wordpress\/wp-json\/wp\/v2\/posts\/169\/revisions"}],"wp:featuredmedia":[{"embeddable":true,"href":"https:\/\/www.verobreger.com\/wordpress\/wp-json\/wp\/v2\/media\/361"}],"wp:attachment":[{"href":"https:\/\/www.verobreger.com\/wordpress\/wp-json\/wp\/v2\/media?parent=169"}],"wp:term":[{"taxonomy":"category","embeddable":true,"href":"https:\/\/www.verobreger.com\/wordpress\/wp-json\/wp\/v2\/categories?post=169"},{"taxonomy":"post_tag","embeddable":true,"href":"https:\/\/www.verobreger.com\/wordpress\/wp-json\/wp\/v2\/tags?post=169"}],"curies":[{"name":"wp","href":"https:\/\/api.w.org\/{rel}","templated":true}]}}