{"id":170,"date":"2012-02-28T16:25:00","date_gmt":"2012-02-28T16:25:00","guid":{"rendered":"http:\/\/www.verobreger.com\/wordpress\/?p=170"},"modified":"2017-05-13T22:44:37","modified_gmt":"2017-05-13T20:44:37","slug":"20120228lire-a-limoges-2012","status":"publish","type":"post","link":"https:\/\/www.verobreger.com\/wordpress\/2012\/02\/28\/20120228lire-a-limoges-2012\/","title":{"rendered":"Lire \u00e0 Limoges, 2012"},"content":{"rendered":"<p> <img decoding=\"async\" title=\"lal2012.jpg, f\u00e9v. 2012\" style=\"float: left; margin: 0 1em 1em 0;\" alt=\"\" src=\"\/dotclear\/public\/actu\/lal2012.jpg\" \/>Fin mars au Champ de Juillet et autres lieux culturels de la ville &#8211; Edition 2012 les 30, 31 mars et 1er avril<\/p>\n<p>Chaque ann\u00e9e au Champ de Juillet, 60&nbsp;000 visiteurs se donnent rendez-vous sous le grand chapiteau de \u00ab&nbsp;Lire \u00e0 Limoges&nbsp;\u00bb qui rassemblent plus de 250 auteurs de litt\u00e9rature g\u00e9n\u00e9rale, litt\u00e9rature jeunesse et bande dessin\u00e9e. Class\u00e9e parmi les dix plus grandes f\u00eates du livre en France, cet \u00e9v\u00e9nement litt\u00e9raire et populaire propose des s\u00e9ances de d\u00e9dicaces, des remises de prix, des conf\u00e9rences et tables rondes, des expositions, des spectacles, pour tous les publics.<\/p>\n<h3>Je serai pr\u00e9sente le vendredi 30 mars et le samedi 31 mars<\/h3>\n","protected":false},"excerpt":{"rendered":"<p>Fin mars au Champ de Juillet et autres lieux culturels de la ville &#8211; Edition 2012 les 30, 31 mars et 1er avril Chaque ann\u00e9e[\u2026]<\/p>\n","protected":false},"author":2,"featured_media":0,"comment_status":"closed","ping_status":"open","sticky":false,"template":"","format":"standard","meta":{"jetpack_post_was_ever_published":false,"_jetpack_newsletter_access":"","_jetpack_dont_email_post_to_subs":false,"_jetpack_newsletter_tier_id":0,"_jetpack_memberships_contains_paywalled_content":false,"_jetpack_memberships_contains_paid_content":false,"footnotes":"","jetpack_publicize_message":"","jetpack_publicize_feature_enabled":true,"jetpack_social_post_already_shared":false,"jetpack_social_options":{"image_generator_settings":{"template":"highway","default_image_id":0,"font":"","enabled":false},"version":2}},"categories":[5],"tags":[],"class_list":["post-170","post","type-post","status-publish","format-standard","hentry","category-actu-agenda"],"jetpack_publicize_connections":[],"jetpack_featured_media_url":"","jetpack_shortlink":"https:\/\/wp.me\/p4t416-2K","jetpack-related-posts":[],"jetpack_sharing_enabled":true,"_links":{"self":[{"href":"https:\/\/www.verobreger.com\/wordpress\/wp-json\/wp\/v2\/posts\/170","targetHints":{"allow":["GET"]}}],"collection":[{"href":"https:\/\/www.verobreger.com\/wordpress\/wp-json\/wp\/v2\/posts"}],"about":[{"href":"https:\/\/www.verobreger.com\/wordpress\/wp-json\/wp\/v2\/types\/post"}],"author":[{"embeddable":true,"href":"https:\/\/www.verobreger.com\/wordpress\/wp-json\/wp\/v2\/users\/2"}],"replies":[{"embeddable":true,"href":"https:\/\/www.verobreger.com\/wordpress\/wp-json\/wp\/v2\/comments?post=170"}],"version-history":[{"count":0,"href":"https:\/\/www.verobreger.com\/wordpress\/wp-json\/wp\/v2\/posts\/170\/revisions"}],"wp:attachment":[{"href":"https:\/\/www.verobreger.com\/wordpress\/wp-json\/wp\/v2\/media?parent=170"}],"wp:term":[{"taxonomy":"category","embeddable":true,"href":"https:\/\/www.verobreger.com\/wordpress\/wp-json\/wp\/v2\/categories?post=170"},{"taxonomy":"post_tag","embeddable":true,"href":"https:\/\/www.verobreger.com\/wordpress\/wp-json\/wp\/v2\/tags?post=170"}],"curies":[{"name":"wp","href":"https:\/\/api.w.org\/{rel}","templated":true}]}}