{"id":171,"date":"2012-04-09T16:30:00","date_gmt":"2012-04-09T16:30:00","guid":{"rendered":"http:\/\/www.verobreger.com\/wordpress\/?p=171"},"modified":"2017-05-13T22:44:37","modified_gmt":"2017-05-13T20:44:37","slug":"20120409prochaines-dates-en-2012","status":"publish","type":"post","link":"https:\/\/www.verobreger.com\/wordpress\/2012\/04\/09\/20120409prochaines-dates-en-2012\/","title":{"rendered":"Prochaines dates&#8230; en 2012"},"content":{"rendered":"<h2><a rel=\"lightbox\" href=\"\/dotclear\/public\/actu\/affiche.jpg\"><img decoding=\"async\" class=\"glossy\" src=\"\/dotclear\/public\/actu\/.affiche_s.jpg\" alt=\"\" style=\"float: left; margin-top: 0; margin-right: 1em; margin-bottom: 1em; margin-left: 0; \" title=\"affiche.jpg, avr. 2012\" \/><\/a>Journ\u00e9e du livre de Felletin, le 10 ao\u00fbt 2012<\/h2>\n<h3>Je serai pr\u00e9sente \u00e0 la <a href=\"http:\/\/www.journeedulivre.fr\/home.html\" hreflang=\"fr\">journ\u00e9e du livre de Felletin<\/a> le vendredi 10 ao\u00fbt 2012 de 9h30 \u00e0 18h00<\/h3>\n","protected":false},"excerpt":{"rendered":"<p>Journ\u00e9e du livre de Felletin, le 10 ao\u00fbt 2012 Je serai pr\u00e9sente \u00e0 la journ\u00e9e du livre de Felletin le vendredi 10 ao\u00fbt 2012 de[\u2026]<\/p>\n","protected":false},"author":2,"featured_media":0,"comment_status":"closed","ping_status":"open","sticky":false,"template":"","format":"standard","meta":{"jetpack_post_was_ever_published":false,"_jetpack_newsletter_access":"","_jetpack_dont_email_post_to_subs":false,"_jetpack_newsletter_tier_id":0,"_jetpack_memberships_contains_paywalled_content":false,"_jetpack_memberships_contains_paid_content":false,"footnotes":"","jetpack_publicize_message":"","jetpack_publicize_feature_enabled":true,"jetpack_social_post_already_shared":false,"jetpack_social_options":{"image_generator_settings":{"template":"highway","default_image_id":0,"font":"","enabled":false},"version":2}},"categories":[5],"tags":[],"class_list":["post-171","post","type-post","status-publish","format-standard","hentry","category-actu-agenda"],"jetpack_publicize_connections":[],"jetpack_featured_media_url":"","jetpack_shortlink":"https:\/\/wp.me\/p4t416-2L","jetpack-related-posts":[],"jetpack_sharing_enabled":true,"_links":{"self":[{"href":"https:\/\/www.verobreger.com\/wordpress\/wp-json\/wp\/v2\/posts\/171","targetHints":{"allow":["GET"]}}],"collection":[{"href":"https:\/\/www.verobreger.com\/wordpress\/wp-json\/wp\/v2\/posts"}],"about":[{"href":"https:\/\/www.verobreger.com\/wordpress\/wp-json\/wp\/v2\/types\/post"}],"author":[{"embeddable":true,"href":"https:\/\/www.verobreger.com\/wordpress\/wp-json\/wp\/v2\/users\/2"}],"replies":[{"embeddable":true,"href":"https:\/\/www.verobreger.com\/wordpress\/wp-json\/wp\/v2\/comments?post=171"}],"version-history":[{"count":0,"href":"https:\/\/www.verobreger.com\/wordpress\/wp-json\/wp\/v2\/posts\/171\/revisions"}],"wp:attachment":[{"href":"https:\/\/www.verobreger.com\/wordpress\/wp-json\/wp\/v2\/media?parent=171"}],"wp:term":[{"taxonomy":"category","embeddable":true,"href":"https:\/\/www.verobreger.com\/wordpress\/wp-json\/wp\/v2\/categories?post=171"},{"taxonomy":"post_tag","embeddable":true,"href":"https:\/\/www.verobreger.com\/wordpress\/wp-json\/wp\/v2\/tags?post=171"}],"curies":[{"name":"wp","href":"https:\/\/api.w.org\/{rel}","templated":true}]}}