{"id":183,"date":"2009-10-01T08:00:00","date_gmt":"2009-10-01T08:00:00","guid":{"rendered":"http:\/\/www.verobreger.com\/wordpress\/?p=183"},"modified":"2021-04-15T10:51:20","modified_gmt":"2021-04-15T08:51:20","slug":"20091001la-nuit-des-orpailleurs","status":"publish","type":"post","link":"https:\/\/www.verobreger.com\/wordpress\/2009\/10\/01\/20091001la-nuit-des-orpailleurs\/","title":{"rendered":"La nuit des orpailleurs"},"content":{"rendered":"\n<h1 class=\"wp-block-heading\">La nuit des orpailleurs<\/h1>\n\n\n\n<figure class=\"wp-block-image size-large is-resized\"><a href=\"https:\/\/i0.wp.com\/www.verobreger.com\/wordpress\/wp-content\/uploads\/2021\/04\/8-La_Nuit_Des_Orpailleurs_couv-2-2.jpg\"><img data-recalc-dims=\"1\" loading=\"lazy\" decoding=\"async\" data-attachment-id=\"2038\" data-permalink=\"https:\/\/www.verobreger.com\/wordpress\/8-la_nuit_des_orpailleurs_couv-2-3\/\" data-orig-file=\"https:\/\/i0.wp.com\/www.verobreger.com\/wordpress\/wp-content\/uploads\/2021\/04\/8-La_Nuit_Des_Orpailleurs_couv-2-2.jpg?fit=605%2C811&amp;ssl=1\" data-orig-size=\"605,811\" data-comments-opened=\"1\" data-image-meta=\"{&quot;aperture&quot;:&quot;0&quot;,&quot;credit&quot;:&quot;&quot;,&quot;camera&quot;:&quot;&quot;,&quot;caption&quot;:&quot;&quot;,&quot;created_timestamp&quot;:&quot;0&quot;,&quot;copyright&quot;:&quot;&quot;,&quot;focal_length&quot;:&quot;0&quot;,&quot;iso&quot;:&quot;0&quot;,&quot;shutter_speed&quot;:&quot;0&quot;,&quot;title&quot;:&quot;&quot;,&quot;orientation&quot;:&quot;1&quot;}\" data-image-title=\"8 &amp;#8211; La_Nuit_Des_Orpailleurs_couv (2)\" data-image-description=\"\" data-image-caption=\"\" data-large-file=\"https:\/\/i0.wp.com\/www.verobreger.com\/wordpress\/wp-content\/uploads\/2021\/04\/8-La_Nuit_Des_Orpailleurs_couv-2-2.jpg?fit=605%2C811&amp;ssl=1\" src=\"https:\/\/i0.wp.com\/www.verobreger.com\/wordpress\/wp-content\/uploads\/2021\/04\/8-La_Nuit_Des_Orpailleurs_couv-2-2.jpg?resize=303%2C406\" alt=\"\" class=\"wp-image-2038\" width=\"303\" height=\"406\" srcset=\"https:\/\/i0.wp.com\/www.verobreger.com\/wordpress\/wp-content\/uploads\/2021\/04\/8-La_Nuit_Des_Orpailleurs_couv-2-2.jpg?w=605&amp;ssl=1 605w, https:\/\/i0.wp.com\/www.verobreger.com\/wordpress\/wp-content\/uploads\/2021\/04\/8-La_Nuit_Des_Orpailleurs_couv-2-2.jpg?resize=224%2C300&amp;ssl=1 224w, https:\/\/i0.wp.com\/www.verobreger.com\/wordpress\/wp-content\/uploads\/2021\/04\/8-La_Nuit_Des_Orpailleurs_couv-2-2.jpg?resize=201%2C270&amp;ssl=1 201w\" sizes=\"auto, (max-width: 303px) 100vw, 303px\" \/><\/a><\/figure>\n\n\n\n<blockquote class=\"wp-block-quote is-layout-flow wp-block-quote-is-layout-flow\"><p><span style=\"font-size: 10pt; font-family: Arial;\">Un secret enfoui dans la m\u00e9moire des hommes. Une s\u00e9rie de meurtres inexpliqu\u00e9s. Une course poursuite dans les mines d\u2019or du Limousin \u00e0 la recherche d\u2019un tr\u00e9sor inestimable&nbsp;: tous les ingr\u00e9dients d\u2019un suspense haletant&nbsp;!<\/span><\/p><p><span style=\"font-size: 10pt; font-family: Arial;\">&nbsp;<\/span><\/p><p><span style=\"font-size: 10pt; font-family: Arial;\">Lorsqu\u2019Evi Marc, agent de recherches priv\u00e9es au caract\u00e8re bien tremp\u00e9, se rend dans le Limousin suite \u00e0 l\u2019invitation de son ami F\u00e9lix, elle ne se doute pas de ce qui l\u2019attend. Le jeune homme a \u00e9lu domicile dans une demeure aux allures de mus\u00e9e. B\u00e2tie aux abords d\u2019une ancienne mine d\u2019or, elle semble \u00eatre le lieu commun d\u2019une multitude d\u2019\u00e9v\u00e9nements. Lorsque les sous-sols environnants se mettent \u00e0 attirer brusquement les convoitises, l\u2019instinct d\u2019Evi l\u2019informe d\u2019une menace.<\/span><\/p><p><span style=\"font-size: 10pt; font-family: Arial;\">&nbsp;<\/span><\/p><p><span style=\"font-size: 10pt; font-family: Arial;\">Que s\u2019est-il pass\u00e9 dans ses murs en 1929&nbsp;? Quels sont les liens avec le pr\u00e9sent&nbsp;? Qui se cache derri\u00e8re le gardien de la for\u00eat&nbsp;? Pourquoi d\u2019anciens l\u00e9gionnaires se transforment-ils en sp\u00e9l\u00e9ologues&nbsp;?<\/span><\/p><\/blockquote>\n\n\n\n<p class=\"MsoNormal\"><span style=\"font-size: 10pt; font-family: Arial;\">&nbsp;<\/span><\/p>\n\n\n\n<p class=\"MsoNormal\"><span style=\"font-size: 10pt; font-family: Arial;\">H\u00e9ro\u00efne malgr\u00e9 elle, Evi va devoir affronter des forces insoup\u00e7onn\u00e9es qui l\u2019entraineront aux fronti\u00e8res de l\u2019imaginable.<\/span><\/p>\n\n\n\n<p class=\"MsoNormal\"><span style=\"font-size: 10pt; font-family: Arial;\">&nbsp;<\/span><\/p>\n\n\n\n<h3 class=\"MsoNormal wp-block-heading\">&nbsp;<\/h3>\n\n\n\n<h3 class=\"MsoNormal wp-block-heading\"><span style=\"font-size: 10pt; font-family: Arial;\">Le mot de l&rsquo;\u00e9diteur<\/span><\/h3>\n\n\n\n<p class=\"MsoNormal\"><span style=\"font-size: 10pt; font-family: Arial;\">V\u00e9ronique Br\u00e9ger vit et travaille en r\u00e9gion parisienne. Elle est l\u2019auteur de plusieurs romans. De livre en livre elle entraine son lectorat dans des univers diff\u00e9rents o\u00f9 elle aborde les th\u00e8mes qui lui sont chers, la rencontre, l\u2019aventure, le suspense et le fantastique.<\/span><\/p>\n\n\n\n<h3 class=\"MsoNormal wp-block-heading\">&nbsp;<\/h3>\n\n\n\n<h3 class=\"MsoNormal wp-block-heading\"><span style=\"font-size: 10pt; font-family: Arial;\">Il \u00e9tait une fois&#8230; La nuit des Orpailleurs<\/span><\/h3>\n\n\n\n<h3 class=\"MsoNormal wp-block-heading\">&nbsp;<\/h3>\n\n\n\n<p class=\"MsoNormal\">Corail Teoz 3624 \u2013 Trajet Limoges \/ Paris \u2013 Octobre 2009<\/p>\n\n\n\n<p class=\"MsoNormal\">Je rentre de Limoges o\u00f9 j\u2019ai particip\u00e9 \u00e0 mon premier point presse \u00e0 l\u2019occasion de la parution de <!--?xml:namespace prefix =\" \"\"st1\" \/-->La Nuit des Orpailleurs.<\/p>\n\n\n\n<p class=\"MsoNormal\">La derni\u00e8re fois que j\u2019ai pris ce train, le roman \u00e9tait en cours d\u2019\u00e9criture. C\u2019\u00e9tait en hiver 2006. J\u2019\u00e9crivais la gal\u00e8re de mon h\u00e9ro\u00efne coinc\u00e9e au fond d\u2019une ancienne mine d\u2019or. Ses peurs, ses angoisses, son combat pour en sortir vivante\u2026<\/p>\n\n\n\n<p class=\"MsoNormal\">Je rentrais \u00e0 Paris apr\u00e8s une visite au CHU de Limoges o\u00f9 mon p\u00e8re attendait une fin que les m\u00e9decins annon\u00e7aient proche.<\/p>\n\n\n\n<p class=\"MsoNormal\">Ce matin, lors du point presse c\u2019est l\u2019image qui est revenue en premier, une image de guerre de bataille, de chaos.<\/p>\n\n\n\n<p class=\"MsoNormal\">Quand j\u2019ai dit aux journalistes que c\u2019\u00e9tait mon roman le plus abouti, l\u2019un d\u2019eux \u00e0 demand\u00e9 pourquoi&nbsp;? Et \u00e0 ce moment, j\u2019ai compris l\u2019une des v\u00e9ritables raisons qui m\u2019avaient pouss\u00e9e dans ce chantier d\u2019\u00e9criture.<\/p>\n\n\n\n<p class=\"MsoNormal\">Les mines d\u2019or du Limousin, terrain de jeu de mon enfance. Un terrain dangereux et propice aux d\u00e9bordements d\u2019imaginaire. Quand j\u2019\u00e9tais gosse et que je m\u2019asseyais en lisi\u00e8re de for\u00eat pour me raconter des histoires de princesses, je r\u00eavais qu\u2019un jour, bois, rivi\u00e8res, \u00e9tangs, p\u00e2turages, champs, tout ce que mon regard embrassait, m\u2019appartiendrait. J\u2019\u00e9tais de ce lieu, ce lieu \u00e9tait \u00e0 moi.<\/p>\n\n\n\n<p class=\"MsoNormal\">En r\u00e9fl\u00e9chissant \u00e0 la fa\u00e7on dont j\u2019allais expliquer pourquoi ce roman \u00e9tait le plus abouti par rapport aux autres, j\u2019ai r\u00e9alis\u00e9 que j\u2019avais dit cela, car j\u2019avais \u00e9crit ce livre \u00e0 la m\u00e9moire de l\u2019un de mes r\u00eaves d\u2019enfant. Parce qu\u2019un jour j\u2019ai su que ce r\u00eave-l\u00e0 n\u2019avait aucune place dans mes r\u00eaves d\u2019adulte. J\u2019ai emport\u00e9 avec moi l\u2019invisible, j\u2019ai laiss\u00e9 le visible aux r\u00e9alit\u00e9s agricoles.<\/p>\n\n\n\n<p class=\"MsoNormal\">La Nuit des Orpailleurs n\u2019a rien d\u2019un roman autobiographique, pourtant entre les lignes il y a des souvenirs, des r\u00e9f\u00e9rences. Les lieux, encore eux. C\u00f4t\u00e9 paternel, un grand-p\u00e8re qui a travaill\u00e9 dans la mine dont je parle et qui est mort \u00e0 30 ans de la silicose (<span style=\"color: black;\">maladie des poumons provoqu\u00e9e par l\u2019inhalation de poussi\u00e8re de silice<\/span>), une grand-m\u00e8re devenue veuve avec ses deux gosses. C\u00f4t\u00e9 maternel, un grand-p\u00e8re journalier agricole, une grand-m\u00e8re dont le courage ne pouvait emp\u00eacher une situation familiale d\u2019extr\u00eame pr\u00e9carit\u00e9.<\/p>\n\n\n\n<p class=\"MsoNormal\">\u00c0 la place de plus abouti, j\u2019aurai pu dire plus personnel, tant mes raisons flanchaient vers l\u2019\u00e9vocation d\u2019une \u00e9criture th\u00e9rapeutique.<\/p>\n\n\n\n<p class=\"MsoNormal\">Ce livre est d\u00e9di\u00e9 aux lieux et aux gens qui ont marqu\u00e9 mon enfance. Ils ont particip\u00e9 de mani\u00e8re directe et indirecte \u00e0 ce que je suis devenue. L\u2019\u00e9crire, c\u2019\u00e9tait dire <em style=\"mso-bidi-font-style: normal;\">je vous aime.<\/em><\/p>\n\n\n\n<p class=\"MsoNormal\">Il n\u2019en reste pas moins que j\u2019ai mis dans ce livre tout ce que j\u2019affectionne en mati\u00e8re d\u2019\u00e9criture. Des \u00e9poques diff\u00e9rentes, un lieu commun o\u00f9 tout se concentre, se m\u00eale, se noue, se d\u00e9noue, une touche de fantastique et\u2026 un personnage f\u00e9minin \u00e0 la personnalit\u00e9 non conventionnelle.<\/p>\n\n\n\n<p class=\"MsoNormal\">Est-ce que tout cet amalgame en fait mon roman le plus abouti&nbsp;?<\/p>\n\n\n\n<p class=\"MsoNormal\">\u2026 sans conteste, oui.<\/p>\n\n\n\n<hr class=\"wp-block-separator\"\/>\n\n\n\n<figure class=\"wp-block-image size-large is-resized\"><a href=\"https:\/\/www.lesardentsediteurs.com\/?La-nuit-des-Orpailleurs\"><img data-recalc-dims=\"1\" loading=\"lazy\" decoding=\"async\" data-attachment-id=\"2147\" data-permalink=\"https:\/\/www.verobreger.com\/wordpress\/2009\/10\/01\/20091001la-nuit-des-orpailleurs\/buy\/\" data-orig-file=\"https:\/\/i0.wp.com\/www.verobreger.com\/wordpress\/wp-content\/uploads\/2009\/10\/buy.png?fit=128%2C128&amp;ssl=1\" data-orig-size=\"128,128\" data-comments-opened=\"1\" data-image-meta=\"{&quot;aperture&quot;:&quot;0&quot;,&quot;credit&quot;:&quot;&quot;,&quot;camera&quot;:&quot;&quot;,&quot;caption&quot;:&quot;&quot;,&quot;created_timestamp&quot;:&quot;0&quot;,&quot;copyright&quot;:&quot;&quot;,&quot;focal_length&quot;:&quot;0&quot;,&quot;iso&quot;:&quot;0&quot;,&quot;shutter_speed&quot;:&quot;0&quot;,&quot;title&quot;:&quot;&quot;,&quot;orientation&quot;:&quot;0&quot;}\" data-image-title=\"buy\" data-image-description=\"\" data-image-caption=\"\" data-large-file=\"https:\/\/i0.wp.com\/www.verobreger.com\/wordpress\/wp-content\/uploads\/2009\/10\/buy.png?fit=128%2C128&amp;ssl=1\" src=\"https:\/\/i0.wp.com\/www.verobreger.com\/wordpress\/wp-content\/uploads\/2009\/10\/buy.png?resize=32%2C32&#038;ssl=1\" alt=\"\" class=\"wp-image-2147\" width=\"32\" height=\"32\"\/><\/a><\/figure>\n\n\n\n<h3 class=\"wp-block-heading\"><a rel=\"noreferrer noopener\" href=\"https:\/\/www.lesardentsediteurs.com\/?La-nuit-des-Orpailleurs\" target=\"_blank\">Commander<\/a><\/h3>\n\n\n\n<p><\/p>\n\n\n\n<h3 class=\"wp-block-heading\">Revoir le Teaser <\/h3>\n\n\n\n<figure class=\"wp-block-video\"><video height=\"480\" style=\"aspect-ratio: 640 \/ 480;\" width=\"640\" controls poster=\"http:\/\/www.verobreger.com\/wordpress\/wp-content\/uploads\/2021\/04\/8-La_Nuit_Des_Orpailleurs_couv-2-2.jpg\" src=\"https:\/\/www.verobreger.com\/wordpress\/wp-content\/uploads\/2021\/04\/orpailleur_.mp4\"><\/video><\/figure>\n","protected":false},"excerpt":{"rendered":"<p>La nuit des orpailleurs Un secret enfoui dans la m\u00e9moire des hommes. Une s\u00e9rie de meurtres inexpliqu\u00e9s. Une course poursuite dans les mines d\u2019or du[\u2026]<\/p>\n","protected":false},"author":2,"featured_media":2038,"comment_status":"open","ping_status":"open","sticky":false,"template":"","format":"standard","meta":{"jetpack_post_was_ever_published":false,"_jetpack_newsletter_access":"","_jetpack_dont_email_post_to_subs":false,"_jetpack_newsletter_tier_id":0,"_jetpack_memberships_contains_paywalled_content":false,"_jetpack_memberships_contains_paid_content":false,"footnotes":"","jetpack_publicize_message":"","jetpack_publicize_feature_enabled":true,"jetpack_social_post_already_shared":false,"jetpack_social_options":{"image_generator_settings":{"template":"highway","default_image_id":0,"font":"","enabled":false},"version":2}},"categories":[6],"tags":[],"class_list":["post-183","post","type-post","status-publish","format-standard","has-post-thumbnail","hentry","category-romans"],"jetpack_publicize_connections":[],"jetpack_featured_media_url":"https:\/\/i0.wp.com\/www.verobreger.com\/wordpress\/wp-content\/uploads\/2021\/04\/8-La_Nuit_Des_Orpailleurs_couv-2-2.jpg?fit=605%2C811&ssl=1","jetpack_shortlink":"https:\/\/wp.me\/p4t416-2X","jetpack-related-posts":[],"jetpack_sharing_enabled":true,"_links":{"self":[{"href":"https:\/\/www.verobreger.com\/wordpress\/wp-json\/wp\/v2\/posts\/183","targetHints":{"allow":["GET"]}}],"collection":[{"href":"https:\/\/www.verobreger.com\/wordpress\/wp-json\/wp\/v2\/posts"}],"about":[{"href":"https:\/\/www.verobreger.com\/wordpress\/wp-json\/wp\/v2\/types\/post"}],"author":[{"embeddable":true,"href":"https:\/\/www.verobreger.com\/wordpress\/wp-json\/wp\/v2\/users\/2"}],"replies":[{"embeddable":true,"href":"https:\/\/www.verobreger.com\/wordpress\/wp-json\/wp\/v2\/comments?post=183"}],"version-history":[{"count":7,"href":"https:\/\/www.verobreger.com\/wordpress\/wp-json\/wp\/v2\/posts\/183\/revisions"}],"predecessor-version":[{"id":2217,"href":"https:\/\/www.verobreger.com\/wordpress\/wp-json\/wp\/v2\/posts\/183\/revisions\/2217"}],"wp:featuredmedia":[{"embeddable":true,"href":"https:\/\/www.verobreger.com\/wordpress\/wp-json\/wp\/v2\/media\/2038"}],"wp:attachment":[{"href":"https:\/\/www.verobreger.com\/wordpress\/wp-json\/wp\/v2\/media?parent=183"}],"wp:term":[{"taxonomy":"category","embeddable":true,"href":"https:\/\/www.verobreger.com\/wordpress\/wp-json\/wp\/v2\/categories?post=183"},{"taxonomy":"post_tag","embeddable":true,"href":"https:\/\/www.verobreger.com\/wordpress\/wp-json\/wp\/v2\/tags?post=183"}],"curies":[{"name":"wp","href":"https:\/\/api.w.org\/{rel}","templated":true}]}}