{"id":236,"date":"2007-09-03T17:55:00","date_gmt":"2007-09-03T17:55:00","guid":{"rendered":"http:\/\/www.verobreger.com\/wordpress\/?p=236"},"modified":"2017-05-13T22:44:43","modified_gmt":"2017-05-13T20:44:43","slug":"20070903bio","status":"publish","type":"post","link":"https:\/\/www.verobreger.com\/wordpress\/2007\/09\/03\/20070903bio\/","title":{"rendered":"Bio"},"content":{"rendered":"<p><img data-recalc-dims=\"1\" decoding=\"async\" title=\"baby.gif, sept. 2009\" style=\"FLOAT: left; MARGIN: 0 1em 1em 0\" alt=\"baby.gif\" src=\"https:\/\/i0.wp.com\/www.verobreger.com\/dotclear\/public\/bio\/baby.gif?w=1505\" \/>Je suis n\u00e9e \u00e0 Limoges le mercredi 18 juin 1963 \u00e0 20h32. <\/p>\n<p>J&rsquo;\u00e9tais un b\u00e9b\u00e9 de 3,5 kilos avec un trou dans la t\u00eate (mon futur trou des maths), pour cause de c\u00e9sarienne bouch\u00e8re et le cr\u00e2ne lisse, (il devait le rester jusqu&rsquo;\u00e0 mes deux ans \u00e0 la grande inqui\u00e9tude de mes parents). <\/p>\n<p>J&rsquo;ai perdu ma premi\u00e8re dent de lait le jour o\u00f9 on a enlev\u00e9 un des stabilisateurs \u00e0 mon v\u00e9lo rouge, (la petite roue qui fait qu&rsquo;on tient tout seul). Ce jour l\u00e0 j&rsquo;ai compris qu&rsquo;il faudrait que je me m\u00e9fie des engins \u00e0 deux roues.<\/p>\n<p>Mon enfance c&rsquo;est d\u00e9roul\u00e9e au rythme des vacances scolaires en milieu rural. J&rsquo;ai gard\u00e9 de cette \u00e9poque un go\u00fbt prononc\u00e9 pour la nature, les aliments qui ont du go\u00fbt, les balades en for\u00eats, les animaux (sauf les poules&#8230; c&rsquo;est trop b\u00eate une poule&#8230; sauf quand \u00e7a pond des \u0153ufs&#8230; argh)&#8230;<\/p>\n<p><\/p>\n<p>J&rsquo;ai d\u00e9couverts des mondes enchant\u00e9s avec des arbres qui parlent, des elfes, des pierres magiques et des princesses \u00e0 sauver&#8230; et j&rsquo;ai commenc\u00e9 \u00e0 dessiner et \u00e9crire toutes ces merveilles.<\/p>\n<p>C&rsquo;est \u00e0 peu pr\u00e8s \u00e0 ce moment que tout \u00e0 commencer \u00e0 glisser&#8230;<\/p>\n<p>La glissade inexorable qui entra\u00eene vers le monde plus du tout merveilleux des grandes personnes. Un petit tour au pays de l&rsquo;adolescence a confirm\u00e9 mes craintes. Les adultes ne comprenaient rien et les princes charmants ne m&rsquo;int\u00e9ressaient pas&#8230; deux \u00ab&nbsp;d\u00e9tails&nbsp;\u00bb importants pour la suite.<\/p>\n<p>Premi\u00e8re mutinerie lors de l&rsquo;orientation scolaire. Interdite de section litt\u00e9raire\/dessin pour cause de mauvaises notes je me retrouvai en bac gestion. G\u00e9nial.<\/p>\n<p>Deuxi\u00e8me r\u00e9volte: les filles ne pouvaient se marier qu&rsquo;avec des gar\u00e7ons. Au d\u00e9but cela m&rsquo;a fait rire. Qui avait bien pu dicter un dogme aussi stupide ? C&rsquo;est apr\u00e8s que cela c&rsquo;est compliqu\u00e9.<\/p>\n<p>Passage par la case \u00ab&nbsp;bac&nbsp;\u00bb \u00e0 deux reprises, histoire d&rsquo;\u00eatre bien sure, une tentative aux Beaux-Arts (avec mon bac gestion j&rsquo;avais toutes mes chances&#8230; grrr&#8230;), retour \u00e0 la case <del>prison<\/del> r\u00e9alit\u00e9 et go to l&rsquo;IUT pour deux ans de Techniques de Commercialisation.<\/p>\n<p>Mon dipl\u00f4me et un job en poche, je suis partie sur les routes de France. Premi\u00e8re affectation&nbsp;: Gu\u00e9ret, (on ne rigole pas, d&rsquo;ailleurs la Creuse est un d\u00e9partement magnifique), puis Montlu\u00e7on, Tours, Dijon avec des pauses \u00e0 Bordeaux et \u00e0 Lyon&#8230; Huit ans et sept employeurs diff\u00e9rents plus tard, je me suis retrouv\u00e9e presque par hasard \u00e0 la capitale.<\/p>\n<p>Mais est-ce vraiment le hasard&nbsp;?<\/p>\n<p>Il m&rsquo;a fallu un temps d&rsquo;adaptation, la faute \u00e0 l&rsquo;oxyg\u00e8ne qui ne correspondait pas \u00e0 mes standards, et puis un jour au d\u00e9tour d&rsquo;un regard&#8230; l&rsquo;horizon s&rsquo;est \u00e9clairci et tout est devenu possible.<\/p>\n<p>J&rsquo;ai pos\u00e9 mes bagages, retrouv\u00e9 mes mondes enchant\u00e9s, mes arbres bavards, mes pierres magiques&#8230; commenc\u00e9 un nouveau voyage&#8230;<\/p>\n<p>J&rsquo;ai ressorti mes vieux r\u00eaves du coffre \u00e0 tr\u00e9sor. J&rsquo;y ai d\u00e9couvert des parchemins, des bribes de r\u00e9cits, des tonnes de fautes d&rsquo;orthographe, des histoires inachev\u00e9es (ma grande sp\u00e9cialit\u00e9), des gribouillages bleus.<\/p>\n<p>J&rsquo;ai mis de l&rsquo;ordre (mais pas trop) et je me suis lanc\u00e9 un d\u00e9fi&nbsp;: \u00e9crire un roman, un vrai avec un d\u00e9but, un milieu, une fin. Pour faire un cadeau. De toi \u00e0 moi (c&rsquo;\u00e9tait le titre initial), c&rsquo;est mat\u00e9rialis\u00e9 avant de devenir Champ, contrechamp.<\/p>\n<p>Depuis, l&rsquo;\u00e9criture est devenue une activit\u00e9 quotidienne (1\/2 heure par jour en moyenne), que je r\u00e9ussis tant bien que mal \u00e0 combiner avec mes occupations professionnelles. La grande entreprise fran\u00e7aise dans laquelle je continue \u00e0 s\u00e9vir depuis mon arriv\u00e9e en r\u00e9gion parisienne permet cette gageure et c&rsquo;est une chance que j&rsquo;exploite \u00e0 sa juste valeur. Trente minutes c&rsquo;est trop peu, mais c&rsquo;est mieux que rien.<\/p>\n<p>Les voyages quant \u00e0 eux constituent une mine in\u00e9puisable dans laquelle mon imaginaire puise sans compter. Ces p\u00e9riodes de parenth\u00e8ses dans le quotidien sont propices \u00e0 l&rsquo;explosion des id\u00e9es&#8230;<\/p>\n<p>Les projets ne manquent pas&#8230;<\/p>\n<p>Carpe diem&#8230;<\/p>\n<p><img data-recalc-dims=\"1\" loading=\"lazy\" decoding=\"async\" title=\"vero.jpg, sept. 2009\" style=\"DISPLAY: block; MARGIN: 0 auto\" height=\"240\" alt=\"\" src=\"https:\/\/i0.wp.com\/www.verobreger.com\/dotclear\/public\/bio\/.vero_s.jpg?resize=101%2C240\" width=\"101\" \/><\/p>\n<p> <em>Quand je serai grande, je ne porterai plus jamais de robe verte ni de collant blanc qui colle, qui pique et qui donne chaud&#8230;<br \/><\/em>&nbsp;<\/p>\n","protected":false},"excerpt":{"rendered":"<p>Je suis n\u00e9e \u00e0 Limoges le mercredi 18 juin 1963 \u00e0 20h32. J&rsquo;\u00e9tais un b\u00e9b\u00e9 de 3,5 kilos avec un trou dans la t\u00eate (mon[\u2026]<\/p>\n","protected":false},"author":2,"featured_media":375,"comment_status":"open","ping_status":"open","sticky":false,"template":"","format":"standard","meta":{"jetpack_post_was_ever_published":false,"_jetpack_newsletter_access":"","_jetpack_dont_email_post_to_subs":false,"_jetpack_newsletter_tier_id":0,"_jetpack_memberships_contains_paywalled_content":false,"_jetpack_memberships_contains_paid_content":false,"footnotes":"","jetpack_publicize_message":"","jetpack_publicize_feature_enabled":true,"jetpack_social_post_already_shared":false,"jetpack_social_options":{"image_generator_settings":{"template":"highway","default_image_id":0,"font":"","enabled":false},"version":2}},"categories":[38],"tags":[],"class_list":["post-236","post","type-post","status-publish","format-standard","has-post-thumbnail","hentry","category-bio"],"jetpack_publicize_connections":[],"jetpack_featured_media_url":"https:\/\/i0.wp.com\/www.verobreger.com\/wordpress\/wp-content\/uploads\/2014\/03\/baby.gif?fit=199%2C228&ssl=1","jetpack_shortlink":"https:\/\/wp.me\/p4t416-3O","jetpack-related-posts":[],"jetpack_sharing_enabled":true,"_links":{"self":[{"href":"https:\/\/www.verobreger.com\/wordpress\/wp-json\/wp\/v2\/posts\/236","targetHints":{"allow":["GET"]}}],"collection":[{"href":"https:\/\/www.verobreger.com\/wordpress\/wp-json\/wp\/v2\/posts"}],"about":[{"href":"https:\/\/www.verobreger.com\/wordpress\/wp-json\/wp\/v2\/types\/post"}],"author":[{"embeddable":true,"href":"https:\/\/www.verobreger.com\/wordpress\/wp-json\/wp\/v2\/users\/2"}],"replies":[{"embeddable":true,"href":"https:\/\/www.verobreger.com\/wordpress\/wp-json\/wp\/v2\/comments?post=236"}],"version-history":[{"count":1,"href":"https:\/\/www.verobreger.com\/wordpress\/wp-json\/wp\/v2\/posts\/236\/revisions"}],"predecessor-version":[{"id":1867,"href":"https:\/\/www.verobreger.com\/wordpress\/wp-json\/wp\/v2\/posts\/236\/revisions\/1867"}],"wp:featuredmedia":[{"embeddable":true,"href":"https:\/\/www.verobreger.com\/wordpress\/wp-json\/wp\/v2\/media\/375"}],"wp:attachment":[{"href":"https:\/\/www.verobreger.com\/wordpress\/wp-json\/wp\/v2\/media?parent=236"}],"wp:term":[{"taxonomy":"category","embeddable":true,"href":"https:\/\/www.verobreger.com\/wordpress\/wp-json\/wp\/v2\/categories?post=236"},{"taxonomy":"post_tag","embeddable":true,"href":"https:\/\/www.verobreger.com\/wordpress\/wp-json\/wp\/v2\/tags?post=236"}],"curies":[{"name":"wp","href":"https:\/\/api.w.org\/{rel}","templated":true}]}}