{"id":263,"date":"2011-08-11T14:51:00","date_gmt":"2011-08-11T14:51:00","guid":{"rendered":"http:\/\/www.verobreger.com\/wordpress\/?p=263"},"modified":"2017-05-13T22:44:46","modified_gmt":"2017-05-13T20:44:46","slug":"20110811sancrer-dans-le-present","status":"publish","type":"post","link":"https:\/\/www.verobreger.com\/wordpress\/2011\/08\/11\/20110811sancrer-dans-le-present\/","title":{"rendered":"S\u2019ancrer dans le pr\u00e9sent"},"content":{"rendered":"<p class=\"MsoNormal\" style=\"MARGIN: 0cm 0cm 0\"><span style=\"FONT-FAMILY: Arial\"><a href=\"https:\/\/i0.wp.com\/www.verobreger.com\/dotclear\/public\/Humeurs\/RER_Present.jpg\" rel=\"lightbox\"><img data-recalc-dims=\"1\" loading=\"lazy\" decoding=\"async\" class=\"glossy\" title=\"RER_Present.jpg, ao\u00fbt 2011\" style=\"FLOAT: left; MARGIN: 0 1em 1em 0\" height=\"240\" alt=\"\" src=\"https:\/\/i0.wp.com\/www.verobreger.com\/dotclear\/public\/Humeurs\/.RER_Present_s.jpg?resize=180%2C240\" width=\"180\" \/><\/a>RER B \u2013 10\/08\/2011 \u2013 direction Denfer.<\/span><\/p>\n<p class=\"MsoNormal\" style=\"MARGIN: 0cm 0cm 0\"><span style=\"FONT-FAMILY: Arial\"><?xml:namespace prefix =\" \"\"o\" \/><o:p>&nbsp;<\/o:p><\/span><\/p>\n<p class=\"MsoNormal\" style=\"MARGIN: 0cm 0cm 0\"><span style=\"FONT-FAMILY: Arial\">S\u2019ancrer dans le pr\u00e9sent. J\u2019entends tout le monde dire \u00ab&nbsp;le temps passe vite&nbsp;\u00bb \u2026 \u00ab&nbsp;ah&nbsp;! d\u00e9j\u00e0 le mois d\u2019ao\u00fbt\u2026&nbsp;\u00bb \u00ab&nbsp;\u2026 une moiti\u00e9 d\u2019ann\u00e9e pass\u00e9e\u2026&nbsp;\u00bb\u2026 \u00ab&nbsp;bient\u00f4t no\u00ebl&nbsp;!!!&nbsp;\u00bb.<\/span><\/p>\n<p class=\"MsoNormal\" style=\"MARGIN: 0cm 0cm 0\">&nbsp;<\/p>\n<p class=\"MsoNormal\" style=\"MARGIN: 0cm 0cm 0\"><span style=\"FONT-FAMILY: Arial\">Je pense au pr\u00e9sent. Ce moment l\u00e0, celui o\u00f9 j\u2019\u00e9cris\u2026 RER B, je descends \u00e0 Denfert. Denfert c\u2019est le futur. Le RER n\u2019est pas encore parti.<\/span><\/p>\n<p class=\"MsoNormal\" style=\"MARGIN: 0cm 0cm 0; mso-layout-grid-align: none\"><span style=\"FONT-FAMILY: Arial\"><o:p>&nbsp;<\/o:p><\/span><\/p>\n<p class=\"MsoNormal\" style=\"MARGIN: 0cm 0cm 0; mso-layout-grid-align: none\"><span style=\"FONT-FAMILY: Arial\">J\u2019ai rendez-vous avec mon amie&nbsp;<a href=\"http:\/\/cyjung.com\/\" hreflang=\"fr\">Cy Jung<\/a> et nous allons au <a href=\"http:\/\/www.foxclubparis.com\/\" hreflang=\"fr\">FOX CLUB<\/a>, lieu que je ne connais pas encore. Cy Jung a lanc\u00e9 via <a href=\"http:\/\/www.zelink.com\/index.php\" hreflang=\"fr\">ZELINK <\/a>&nbsp;une invitation \u00e0 \u00ab&nbsp;l\u2019arrache&nbsp;\u00bb, <span style=\"COLOR: black\">un message de derni\u00e8re minute !<\/span><\/span><\/p>\n<p class=\"MsoNormal\" style=\"MARGIN: 0cm 0cm 0\"><span style=\"COLOR: black; FONT-FAMILY: Arial\">\u00ab&nbsp;Ce soir, mercredi 10 ao\u00fbt, vers 19 h 30, je serai au Fox avec V\u00e9ronique Br\u00e9ger, \u00e9crivaine dont les sorties publiques sont rares. Alors, si vous passez par l\u00e0, n&rsquo;h\u00e9sitez pas \u00e0 venir lui demander un autographe ; je m&rsquo;engage \u00e0 ce qu&rsquo;elle vous le signe \ud83d\ude09&nbsp;\u00bb<\/span><\/p>\n<p class=\"MsoNormal\" style=\"MARGIN: 0cm 0cm 0\"><span style=\"COLOR: black; FONT-FAMILY: Arial\"><o:p>&nbsp;<\/o:p><\/span><\/p>\n<p class=\"MsoNormal\" style=\"MARGIN: 0cm 0cm 0\"><span style=\"COLOR: black; FONT-FAMILY: Arial\">Mes sorties publiques sont donc rares\u2026 je ne suis pas agoraphobe, je travaille juste \u00e0 plein temps sur deux jobs diff\u00e9rents et\u2026 je me l\u00e8ve t\u00f4t&nbsp;! (Et sinon, j\u2019aurai plein de sorties publiques \u00e0 partir d\u2019octobre\u2026 dans le futur).<\/span><\/p>\n<p class=\"MsoNormal\" style=\"MARGIN: 0cm 0cm 0\"><span style=\"COLOR: black; FONT-FAMILY: Arial\">Bref\u2026 <\/span><\/p>\n<p class=\"MsoNormal\" style=\"MARGIN: 0cm 0cm 0\"><span style=\"COLOR: black; FONT-FAMILY: Arial\">Revenons au pr\u00e9sent. Cette \u00ab&nbsp;chose&nbsp;\u00bb qui nous \u00e9chappe en permanence. Il fait chaud en cette fin de journ\u00e9e. Je me suis pr\u00e9par\u00e9 une super play-list dans mon Walkman. Quoi, Walkman&nbsp;? \u2026&nbsp;\ud83d\ude00 vintage le nom, hein&nbsp;? OK, sans rire, mon Walkman de chez Sony n\u2019est pas non plus un lecteur de K7, et non, ils en font aussi en forme de lecteurs MP3. Ultra fin, pas fragile\u2026 pas tentant\u2026 QUE 2 Go de m\u00e9moire. RI-DI-CU-LE&nbsp;! J\u2019ai 20 minutes de trajet le 2 Go seront plus que suffisants. <\/span><\/p>\n<p class=\"MsoNormal\" style=\"MARGIN: 0cm 0cm 0\"><span style=\"COLOR: black; FONT-FAMILY: Arial\">Et ce pr\u00e9sent donc&nbsp;? Apr\u00e8s Muse, Texas, Duffy, Gabriella Cilmi, voici Bjork. Le soleil brille. Le RER d\u00e9marre. Ciel bleu, le paysage \u00ab\u00a0ville dans verdure\u00a0\u00bb d\u00e9file\u2026 je suis dans le pr\u00e9sent. J\u2019\u00e9cris le pr\u00e9sent. <\/span><\/p>\n<p class=\"MsoNormal\" style=\"MARGIN: 0cm 0cm 0\"><span style=\"COLOR: black; FONT-FAMILY: Arial\"><o:p>&nbsp;<\/o:p><\/span><\/p>\n<p class=\"MsoNormal\" style=\"MARGIN: 0cm 0cm 0\"><span style=\"COLOR: black; FONT-FAMILY: Arial\">Je suis vivante.<\/span><\/p>\n<p class=\"MsoNormal\" style=\"MARGIN: 0cm 0cm 0\"><span style=\"COLOR: black; FONT-FAMILY: Arial\"><o:p>&nbsp;<\/o:p><\/span><\/p>\n<p class=\"MsoNormal\" style=\"MARGIN: 0cm 0cm 0\"><span style=\"COLOR: black; FONT-FAMILY: Arial\">C\u2019est chouette&nbsp;!<\/span><\/p>\n<p class=\"MsoNormal\" style=\"MARGIN: 0cm 0cm 0; TEXT-ALIGN: justify\">&nbsp;<\/p>\n","protected":false},"excerpt":{"rendered":"<p>RER B \u2013 10\/08\/2011 \u2013 direction Denfer. &nbsp; S\u2019ancrer dans le pr\u00e9sent. J\u2019entends tout le monde dire \u00ab&nbsp;le temps passe vite&nbsp;\u00bb \u2026 \u00ab&nbsp;ah&nbsp;! d\u00e9j\u00e0 le[\u2026]<\/p>\n","protected":false},"author":2,"featured_media":389,"comment_status":"closed","ping_status":"open","sticky":false,"template":"","format":"standard","meta":{"jetpack_post_was_ever_published":false,"_jetpack_newsletter_access":"","_jetpack_dont_email_post_to_subs":false,"_jetpack_newsletter_tier_id":0,"_jetpack_memberships_contains_paywalled_content":false,"_jetpack_memberships_contains_paid_content":false,"footnotes":"","jetpack_publicize_message":"","jetpack_publicize_feature_enabled":true,"jetpack_social_post_already_shared":false,"jetpack_social_options":{"image_generator_settings":{"template":"highway","default_image_id":0,"font":"","enabled":false},"version":2}},"categories":[16],"tags":[],"class_list":["post-263","post","type-post","status-publish","format-standard","has-post-thumbnail","hentry","category-humeurs"],"jetpack_publicize_connections":[],"jetpack_featured_media_url":"https:\/\/i0.wp.com\/www.verobreger.com\/wordpress\/wp-content\/uploads\/2014\/03\/RER_Present_s.jpg?fit=180%2C240&ssl=1","jetpack_shortlink":"https:\/\/wp.me\/p4t416-4f","jetpack-related-posts":[],"jetpack_sharing_enabled":true,"_links":{"self":[{"href":"https:\/\/www.verobreger.com\/wordpress\/wp-json\/wp\/v2\/posts\/263","targetHints":{"allow":["GET"]}}],"collection":[{"href":"https:\/\/www.verobreger.com\/wordpress\/wp-json\/wp\/v2\/posts"}],"about":[{"href":"https:\/\/www.verobreger.com\/wordpress\/wp-json\/wp\/v2\/types\/post"}],"author":[{"embeddable":true,"href":"https:\/\/www.verobreger.com\/wordpress\/wp-json\/wp\/v2\/users\/2"}],"replies":[{"embeddable":true,"href":"https:\/\/www.verobreger.com\/wordpress\/wp-json\/wp\/v2\/comments?post=263"}],"version-history":[{"count":0,"href":"https:\/\/www.verobreger.com\/wordpress\/wp-json\/wp\/v2\/posts\/263\/revisions"}],"wp:featuredmedia":[{"embeddable":true,"href":"https:\/\/www.verobreger.com\/wordpress\/wp-json\/wp\/v2\/media\/389"}],"wp:attachment":[{"href":"https:\/\/www.verobreger.com\/wordpress\/wp-json\/wp\/v2\/media?parent=263"}],"wp:term":[{"taxonomy":"category","embeddable":true,"href":"https:\/\/www.verobreger.com\/wordpress\/wp-json\/wp\/v2\/categories?post=263"},{"taxonomy":"post_tag","embeddable":true,"href":"https:\/\/www.verobreger.com\/wordpress\/wp-json\/wp\/v2\/tags?post=263"}],"curies":[{"name":"wp","href":"https:\/\/api.w.org\/{rel}","templated":true}]}}